{"id":1615,"date":"2025-12-31T14:58:46","date_gmt":"2025-12-31T14:58:46","guid":{"rendered":"https:\/\/cantodelmaggio.org\/wp\/?p=1615"},"modified":"2025-12-31T15:00:29","modified_gmt":"2025-12-31T15:00:29","slug":"il-tema-della-pace-nel-maggio-drammatico","status":"publish","type":"post","link":"https:\/\/cantodelmaggio.org\/wp\/?p=1615","title":{"rendered":"Il tema della pace nel maggio drammatico"},"content":{"rendered":"\n<p>Nel maggio drammatico toscano ed emiliano i temi della pace non compaiono solo come contenuto esplicito (invocazioni, ammonimenti, finali conciliativi), ma come vero e proprio orizzonte simbolico in cui la comunit\u00e0 mette in scena, elabora e tenta di sanare i propri conflitti. Nel canto, la pace \u00e8 insieme valore religioso, esigenza sociale e promessa rituale, inscritta nel modo stesso in cui il maggio viene rappresentato \u201ctra\u201d le persone e \u201cper\u201d le persone.<\/p>\n\n\n\n<h2 class=\"wp-block-heading\" id=\"conflitto-messo-in-scena-pace-attesa\">Conflitto messo in scena, pace attesa<\/h2>\n\n\n\n<p>Il maggio drammatico nasce e si sviluppa in aree rurali segnate da micro\u2011conflitti: rivalit\u00e0 di casato, tensioni tra famiglie, memorie di guerra, fratture politiche e religiose. Nella struttura dei testi \u2013 anche quando la vicenda \u00e8 cavalleresca, biblica o romanzesca \u2013 il conflitto armato \u00e8 quasi obbligato: duelli, guerre, vendette, persecuzioni. Ma la drammaturgia popolare orienta quasi sempre verso una soluzione pacificante: riconciliazioni, perdoni, conversioni, paci giurate davanti a Dio o a una figura mediatrice (re giusto, santo, eroe che rifiuta la vendetta). In questo senso il maggio lavora come uno \u201cspazio di prova\u201d dove la violenza pu\u00f2 essere detta, cantata e vista, per poi essere simbolicamente contenuta e superata.<\/p>\n\n\n\n<h2 class=\"wp-block-heading\" id=\"pace-cristiana-e-pace-di-paese\">Pace cristiana e pace \u201cdi paese\u201d<\/h2>\n\n\n\n<p>Nel repertorio sacro (maggi sulla Nativit\u00e0, sulla Passione, su santi e martiri) la pace si presenta anzitutto come categoria cristiana: pace di Cristo, pace tra cielo e terra, riconciliazione tra uomo e Dio. Tuttavia, nelle versioni toscane ed emiliane, tale dimensione trascendente viene costantemente ri\u2011tradotta in termini quotidiani: pace fra famiglie nemiche, cessazione delle faide, cessazione delle sofferenze del povero e dell\u2019oppresso, pace come \u201cvivere in santa compagnia\u201d nel paese. Le formule di saluto e di benedizione rivolte al pubblico alla fine del maggio \u2013 spesso invocazioni di pace e prosperit\u00e0 sulla comunit\u00e0, sui campi, sul raccolto \u2013 mostrano come l\u2019orizzonte ultimo non sia astratto, ma radicato nel bisogno concreto di equilibrio sociale e materiale.<\/p>\n\n\n\n<h2 class=\"wp-block-heading\" id=\"il-coro-come-voce-pacificante\">Il coro come voce pacificante<\/h2>\n\n\n\n<p>Dal punto di vista demo\u2011etno\u2011antropologico, \u00e8 significativo che il maggio drammatico sia canto collettivo: anche quando i personaggi si sfidano, \u00e8 il coro dei maggianti, schierato in scena, a ricomporre vocalmente la frattura. L\u2019alternanza di voci (eroe, antagonista, narratore, coro) rende udibile la pluralit\u00e0 dei punti di vista, ma \u00e8 la coralit\u00e0 \u2013 il canto in risposta, il ritornello, il \u201ctutti insieme\u201d \u2013 a dare forma sonora alla pace come ricomposizione. In molte esecuzioni, il finale prevede un brano corale che scioglie la tensione drammatica in un augurio comune: il passaggio dal \u201cio contro te\u201d al \u201cnoi che cantiamo per voi\u201d \u00e8, in s\u00e9, un dispositivo di pacificazione simbolica.<\/p>\n\n\n\n<h2 class=\"wp-block-heading\" id=\"memoria-del-conflitto-pedagogia-della-pace\">Memoria del conflitto, pedagogia della pace<\/h2>\n\n\n\n<p>Nei maggi a soggetto storico o epico (crociate, guerre, imprese cavalleresche), la memoria della guerra non viene rimossa, ma trasformata in racconto paradigmatico: si mostrano gli orrori, i lutti, i tradimenti, perch\u00e9 il pubblico ne faccia esperienza mediata. La pace, quando arriva, \u00e8 carica di consapevolezza: non cancellazione ingenua del male, ma scelta faticosa di perdono, tregua, patto rinnovato. In molte scene le figure anziane (padri, re, eremiti, santi) ammoniscono i giovani eroi ad abbandonare la vendetta, offrendo al pubblico giovanile un modello educativo in cui il vero coraggio sta nel fermare la spirale del sangue e nel \u201crimettere le spade nel fodero\u201d.<\/p>\n\n\n\n<h2 class=\"wp-block-heading\" id=\"pace-come-bene-fragile-e-sempre-da-rifare\">Pace come bene fragile e sempre da rifare<\/h2>\n\n\n\n<p>Un tratto tipicamente popolare del maggio toscano ed emiliano \u00e8 la consapevolezza che la pace non \u00e8 mai definitiva: \u00e8 un bene fragile, continuamente minacciato da orgoglio, gelosie, interessi. La ciclicit\u00e0 stessa delle rappresentazioni (ogni anno, nelle stesse ricorrenze, negli stessi paesi) ricorda che la comunit\u00e0 ha bisogno di \u201crifare\u201d la pace, di rimettere in scena i propri conflitti per ribadire la scelta di non lasciarli esplodere nel reale. Cos\u00ec, il canto del maggio funziona come rito di manutenzione simbolica della pace: un laboratorio pubblico in cui, attraverso la parola poetica, le persone fanno i conti con la violenza e rinnovano \u2013 cantando \u2013 il desiderio collettivo di convivenza.<\/p>\n\n\n\n<p>In questo senso, i temi della pace nel maggio drammatico non sono un semplice messaggio morale aggiunto al testo, ma il cuore politico e antropologico del genere: il motivo profondo per cui, ancora oggi, comunit\u00e0 toscane ed emiliane continuano a salire sul palco erboso e a trasformare, per qualche ora, il conflitto in canto condiviso.<\/p>\n\n\n\n<ol class=\"wp-block-list\">\n<li><a href=\"https:\/\/rivista-incontri.nl\/article\/download\/11003\/12029\">https:\/\/rivista-incontri.nl\/article\/download\/11003\/12029<\/a><\/li>\n\n\n\n<li><a href=\"http:\/\/edizionicafoscari.unive.it\/libri\/978-88-6969-254-3\/atto-secondo\/\">http:\/\/edizionicafoscari.unive.it\/libri\/978-88-6969-254-3\/atto-secondo\/<\/a><\/li>\n\n\n\n<li><a href=\"https:\/\/oajournals.fupress.net\/index.php\/drammaturgia\/article\/download\/13560\/12673\">https:\/\/oajournals.fupress.net\/index.php\/drammaturgia\/article\/download\/13560\/12673<\/a><\/li>\n\n\n\n<li><a href=\"https:\/\/www.degruyter.com\/document\/doi\/10.1515\/9783110590661-015\/pdf\">https:\/\/www.degruyter.com\/document\/doi\/10.1515\/9783110590661-015\/pdf<\/a><\/li>\n\n\n\n<li><a href=\"https:\/\/riviste.unimi.it\/index.php\/aoqu\/article\/download\/18442\/16213\">https:\/\/riviste.unimi.it\/index.php\/aoqu\/article\/download\/18442\/16213<\/a><\/li>\n\n\n\n<li><a href=\"https:\/\/riviste.unimi.it\/index.php\/aoqu\/article\/download\/20502\/18227\">https:\/\/riviste.unimi.it\/index.php\/aoqu\/article\/download\/20502\/18227<\/a><\/li>\n\n\n\n<li><a href=\"https:\/\/riviste.unimi.it\/index.php\/aoqu\/article\/download\/17266\/15205\">https:\/\/riviste.unimi.it\/index.php\/aoqu\/article\/download\/17266\/15205<\/a><\/li>\n<\/ol>\n","protected":false},"excerpt":{"rendered":"<p>Nel maggio drammatico toscano ed emiliano la pace \u00e8 il vero orizzonte simbolico: i contrasti messi in scena (guerre, faide, vendette) vengono quasi sempre condotti verso riconciliazioni, perdoni e auguri finali di armonia comunitaria, trasformando il conflitto reale in laboratorio rituale di convivenza. La coralit\u00e0 del canto, i finali benedicenti e la ripetizione annuale delle rappresentazioni fanno del maggio un dispositivo popolare di manutenzione della pace, intesa insieme come valore cristiano e come esigenza concreta di \u201cpace di paese\u201d<\/p>\n","protected":false},"author":3,"featured_media":1617,"comment_status":"open","ping_status":"open","sticky":false,"template":"","format":"standard","meta":{"elearning_container_layout":"tg-site-layout--default","elearning_sidebar_layout":"tg-site-layout--default","elearning_remove_content_margin":false,"elearning_sidebar":"default","elearning_transparent_header":"customizer","elearning_logo":0,"elearning_header_style":"default","elearning_menu_item_color":"","elearning_menu_item_hover_color":"","elearning_menu_item_active_color":"","elearning_menu_item_active_style":"","elearning_page_header":true,"_themeisle_gutenberg_block_has_review":false,"footnotes":""},"categories":[77,70],"tags":[216,214,210,177,104,198,208,215,211],"class_list":["post-1615","post","type-post","status-publish","format-standard","has-post-thumbnail","hentry","category-formazione","category-saggi","tag-cantocorale","tag-conflittoesuaelaborazione","tag-emilia","tag-maggiodrammatico","tag-pace","tag-religiositapopolare","tag-riconciliazione","tag-toscana","tag-tradizionipopolari"],"_links":{"self":[{"href":"https:\/\/cantodelmaggio.org\/wp\/index.php?rest_route=\/wp\/v2\/posts\/1615","targetHints":{"allow":["GET"]}}],"collection":[{"href":"https:\/\/cantodelmaggio.org\/wp\/index.php?rest_route=\/wp\/v2\/posts"}],"about":[{"href":"https:\/\/cantodelmaggio.org\/wp\/index.php?rest_route=\/wp\/v2\/types\/post"}],"author":[{"embeddable":true,"href":"https:\/\/cantodelmaggio.org\/wp\/index.php?rest_route=\/wp\/v2\/users\/3"}],"replies":[{"embeddable":true,"href":"https:\/\/cantodelmaggio.org\/wp\/index.php?rest_route=%2Fwp%2Fv2%2Fcomments&post=1615"}],"version-history":[{"count":1,"href":"https:\/\/cantodelmaggio.org\/wp\/index.php?rest_route=\/wp\/v2\/posts\/1615\/revisions"}],"predecessor-version":[{"id":1616,"href":"https:\/\/cantodelmaggio.org\/wp\/index.php?rest_route=\/wp\/v2\/posts\/1615\/revisions\/1616"}],"wp:featuredmedia":[{"embeddable":true,"href":"https:\/\/cantodelmaggio.org\/wp\/index.php?rest_route=\/wp\/v2\/media\/1617"}],"wp:attachment":[{"href":"https:\/\/cantodelmaggio.org\/wp\/index.php?rest_route=%2Fwp%2Fv2%2Fmedia&parent=1615"}],"wp:term":[{"taxonomy":"category","embeddable":true,"href":"https:\/\/cantodelmaggio.org\/wp\/index.php?rest_route=%2Fwp%2Fv2%2Fcategories&post=1615"},{"taxonomy":"post_tag","embeddable":true,"href":"https:\/\/cantodelmaggio.org\/wp\/index.php?rest_route=%2Fwp%2Fv2%2Ftags&post=1615"}],"curies":[{"name":"wp","href":"https:\/\/api.w.org\/{rel}","templated":true}]}}